{"id":3009,"date":"2016-03-10T12:45:32","date_gmt":"2016-03-10T17:45:32","guid":{"rendered":"https:\/\/dfac.ca\/?p=3009"},"modified":"2016-03-10T12:51:52","modified_gmt":"2016-03-10T17:51:52","slug":"invalidite-au-dela-du-premier-regard","status":"publish","type":"post","link":"https:\/\/dfac.ca\/fr\/invalidite-au-dela-du-premier-regard\/","title":{"rendered":"Invalidit\u00e9 : Au-del\u00e0 du premier regard\u2026"},"content":{"rendered":"<p>Connaissez-vous Nathan? Il ressemble aux centaines d&rsquo;autres enfants qui s\u2019engagent chaque matin dans l\u2019enceinte de l&rsquo;\u00e9cole primaire du quartier. M\u00eame si ses livres et ses affaires sont jet\u00e9s p\u00eale-m\u00eale dans son cartable et que la plupart du temps, c\u2019est au pas de course qu\u2019il p\u00e9n\u00e8tre dans l\u2019\u00e9cole, Nathan semble un enfant comme les autres.<\/p>\n<p>Vous ne pouvez pas vous en douter uniquement en le regardant\u00a0; et pourtant, c\u2019est bien le cas. Nathan a un handicap.<\/p>\n<p>&nbsp;<\/p>\n<p>Avez-vous rep\u00e9r\u00e9 Allison? Vous la croisez le matin sur votre trajet pour le bureau. La tenue soign\u00e9e, Allison se rend d\u2019un bon pas au bureau o\u00f9 l\u2019attend son travail quotidien comme des centaines d&rsquo;autres employ\u00e9s empress\u00e9s qui s\u2019entrecroisent en direction de leurs bureaux respectifs dans les gratte-ciel soulignant le vibrant quartier des affaires. Eh bien, vous la voyez presque tous les jours, mais vous ne l&rsquo;avez certainement pas remarqu\u00e9e. Elle ressemble \u00e0 madame tout-le-monde. Toutefois certains jours, vous ne l\u2019apercevrez pas. En effet, parfois, Allison ne sort pas du lit. Elle appelle pour signaler qu\u2019elle est malade.<\/p>\n<p>Vous ne pouvez pas le d\u00e9tecter uniquement en la regardant\u00a0; et pourtant, c\u2019est bien le cas. Allison a un handicap.<\/p>\n<p>&nbsp;<\/p>\n<p>Un enfant comme Nathan semble tout ce qu\u2019il y a de plus normal, mais avec son trouble d&rsquo;apprentissage, sa capacit\u00e9 \u00e0 porter des jugements \u00e9clair\u00e9s est gravement entrav\u00e9e. Un adulte comme Allison semble parfaitement normal, mais en raison des probl\u00e8mes de sant\u00e9 mentale qui lui ont \u00e9t\u00e9 diagnostiqu\u00e9s, les t\u00e2ches quotidiennes peuvent lui sembler insurmontables.<\/p>\n<p>Bien que difficiles \u00e0 cerner, ces limitations dans l\u2019accomplissement des activit\u00e9s quotidiennes sont reconnues comme \u00e9tant un handicap par l&rsquo;Agence du revenu du Canada et celle-ci offre le pr\u00e9cieux<a href=\"https:\/\/dfac.ca\/fr\/quest-ce-que-le-credit-dimpot-pour-personnes-handicapees\/\"> cr\u00e9dit d&rsquo;imp\u00f4t pour personnes handicap\u00e9es<\/a> (CIPH). Le CIPH ouvre la porte \u00e0 d&rsquo;autres avantages: augmentation des cr\u00e9dits, prestations d&rsquo;invalidit\u00e9 pour les enfants, et un <a href=\"https:\/\/dfac.ca\/fr\/regime-enregistre-depargne-invalidite-reei\/\">REEI<\/a> (plan d&rsquo;\u00e9pargne-invalidit\u00e9). Cependant, pour en b\u00e9n\u00e9ficier, une preuve d&rsquo;invalidit\u00e9 est n\u00e9cessaire.<\/p>\n<p>&nbsp;<\/p>\n<p>C\u2019est l\u00e0 qu\u2019intervient la <strong><a href=\"https:\/\/dfac.ca\/fr\/\">SAFP (Soci\u00e9t\u00e9 d\u2019Aide Financi\u00e8re aux Personnes handicap\u00e9es<\/a>&#8211;<\/strong>en anglais DFAC-<strong>)<\/strong>.<\/p>\n<p>\u00c0 la <strong>SAFP<\/strong>, nous comprenons votre handicap et nous comprenons les exigences de l&rsquo;Agence du revenu du Canada. <em>Vos<\/em> papiers sont <em>notre<\/em> sp\u00e9cialit\u00e9. Nous compilons la documentation n\u00e9cessaire pour <em>vous<\/em> permettre de recevoir tous les avantages qui vous reviennent.<\/p>\n<p>\u00cates-vous aux prises ou quelqu&rsquo;un de votre entourage souffre-t-il d\u2019un handicap? Qu\u2019il s\u2019agisse d\u2019un handicap physique, d\u2019un TSA ou d\u2019une d\u00e9ficience visuelle grave, ou encore, d\u2019un trouble d&rsquo;apprentissage, d\u2019un TDA ou d\u2019un TDAH\u00a0; ou alors, que l\u2019origine du handicap soit de l\u2019ordre de la sant\u00e9 mentale &#8211; d\u00e9mence, schizophr\u00e9nie ou d\u00e9pression\u00a0; si vos activit\u00e9s de la vie quotidienne en sont affect\u00e9es, vous pourriez \u00eatre admissible \u00e0 des prestations gouvernementales. Appelez-nous d\u00e8s aujourd&rsquo;hui pour une consultation gratuite!<\/p>\n","protected":false},"excerpt":{"rendered":"<p>Connaissez-vous Nathan? Il ressemble aux centaines d&rsquo;autres enfants qui s\u2019engagent chaque matin dans l\u2019enceinte de l&rsquo;\u00e9cole primaire du quartier. M\u00eame si ses livres et ses affaires sont jet\u00e9s p\u00eale-m\u00eale dans son cartable et que la plupart du temps, c\u2019est au pas de course qu\u2019il p\u00e9n\u00e8tre dans l\u2019\u00e9cole, Nathan semble un enfant comme les autres. Vous [&hellip;]<\/p>\n","protected":false},"author":2,"featured_media":3010,"comment_status":"closed","ping_status":"closed","sticky":false,"template":"","format":"standard","meta":{"_genesis_hide_title":false,"_genesis_hide_breadcrumbs":false,"_genesis_hide_singular_image":false,"_genesis_hide_footer_widgets":false,"_genesis_custom_body_class":"","_genesis_custom_post_class":"","_genesis_layout":"","footnotes":""},"categories":[6,6],"tags":[],"class_list":{"0":"post-3009","1":"post","2":"type-post","3":"status-publish","4":"format-standard","5":"has-post-thumbnail","7":"category-non-classifiee","9":"entry"},"yoast_head":"<!-- This site is optimized with the Yoast SEO plugin v22.9 - https:\/\/yoast.com\/wordpress\/plugins\/seo\/ -->\n<title>Invalidit\u00e9 : Au-del\u00e0 du premier regard\u2026 - dfac.ca<\/title>\n<meta name=\"description\" content=\"Invalidit\u00e9 : Au-del\u00e0 du premier regard\u2026\" \/>\n<meta name=\"robots\" content=\"index, follow, max-snippet:-1, max-image-preview:large, max-video-preview:-1\" \/>\n<link rel=\"canonical\" href=\"https:\/\/dfac.ca\/fr\/invalidite-au-dela-du-premier-regard\/\" \/>\n<meta property=\"og:locale\" content=\"fr_FR\" \/>\n<meta property=\"og:type\" content=\"article\" \/>\n<meta property=\"og:title\" content=\"Invalidit\u00e9 : Au-del\u00e0 du premier regard\u2026 - dfac.ca\" \/>\n<meta property=\"og:description\" content=\"Invalidit\u00e9 : Au-del\u00e0 du premier regard\u2026\" \/>\n<meta property=\"og:url\" content=\"https:\/\/dfac.ca\/fr\/invalidite-au-dela-du-premier-regard\/\" \/>\n<meta property=\"og:site_name\" content=\"dfac.ca\" \/>\n<meta property=\"article:published_time\" content=\"2016-03-10T17:45:32+00:00\" \/>\n<meta property=\"article:modified_time\" content=\"2016-03-10T17:51:52+00:00\" \/>\n<meta property=\"og:image\" content=\"https:\/\/dfac.ca\/wp-content\/uploads\/2016\/03\/disability-more-than-meets-the-eye.jpg\" \/>\n\t<meta property=\"og:image:width\" content=\"800\" \/>\n\t<meta property=\"og:image:height\" content=\"800\" \/>\n\t<meta property=\"og:image:type\" content=\"image\/jpeg\" \/>\n<meta name=\"author\" content=\"dfac\" \/>\n<meta name=\"twitter:card\" content=\"summary_large_image\" \/>\n<meta name=\"twitter:label1\" content=\"\u00c9crit par\" \/>\n\t<meta name=\"twitter:data1\" content=\"dfac\" \/>\n\t<meta name=\"twitter:label2\" content=\"Dur\u00e9e de lecture estim\u00e9e\" \/>\n\t<meta name=\"twitter:data2\" content=\"3 minutes\" \/>\n<script type=\"application\/ld+json\" class=\"yoast-schema-graph\">{\"@context\":\"https:\/\/schema.org\",\"@graph\":[{\"@type\":\"Article\",\"@id\":\"https:\/\/dfac.ca\/fr\/invalidite-au-dela-du-premier-regard\/#article\",\"isPartOf\":{\"@id\":\"https:\/\/dfac.ca\/fr\/invalidite-au-dela-du-premier-regard\/\"},\"author\":{\"name\":\"dfac\",\"@id\":\"https:\/\/dfac.ca\/#\/schema\/person\/7614cac5eac8cebc9bafe2bdb52def9e\"},\"headline\":\"Invalidit\u00e9 : Au-del\u00e0 du premier regard\u2026\",\"datePublished\":\"2016-03-10T17:45:32+00:00\",\"dateModified\":\"2016-03-10T17:51:52+00:00\",\"mainEntityOfPage\":{\"@id\":\"https:\/\/dfac.ca\/fr\/invalidite-au-dela-du-premier-regard\/\"},\"wordCount\":510,\"publisher\":{\"@id\":\"https:\/\/dfac.ca\/#organization\"},\"image\":{\"@id\":\"https:\/\/dfac.ca\/fr\/invalidite-au-dela-du-premier-regard\/#primaryimage\"},\"thumbnailUrl\":\"https:\/\/dfac.ca\/wp-content\/uploads\/2016\/03\/disability-more-than-meets-the-eye.jpg\",\"articleSection\":[\"Non classifi\u00e9(e)\",\"Non classifi\u00e9(e)\"],\"inLanguage\":\"fr-FR\"},{\"@type\":\"WebPage\",\"@id\":\"https:\/\/dfac.ca\/fr\/invalidite-au-dela-du-premier-regard\/\",\"url\":\"https:\/\/dfac.ca\/fr\/invalidite-au-dela-du-premier-regard\/\",\"name\":\"Invalidit\u00e9 : Au-del\u00e0 du premier regard\u2026 - dfac.ca\",\"isPartOf\":{\"@id\":\"https:\/\/dfac.ca\/#website\"},\"primaryImageOfPage\":{\"@id\":\"https:\/\/dfac.ca\/fr\/invalidite-au-dela-du-premier-regard\/#primaryimage\"},\"image\":{\"@id\":\"https:\/\/dfac.ca\/fr\/invalidite-au-dela-du-premier-regard\/#primaryimage\"},\"thumbnailUrl\":\"https:\/\/dfac.ca\/wp-content\/uploads\/2016\/03\/disability-more-than-meets-the-eye.jpg\",\"datePublished\":\"2016-03-10T17:45:32+00:00\",\"dateModified\":\"2016-03-10T17:51:52+00:00\",\"description\":\"Invalidit\u00e9 : Au-del\u00e0 du premier regard\u2026\",\"breadcrumb\":{\"@id\":\"https:\/\/dfac.ca\/fr\/invalidite-au-dela-du-premier-regard\/#breadcrumb\"},\"inLanguage\":\"fr-FR\",\"potentialAction\":[{\"@type\":\"ReadAction\",\"target\":[\"https:\/\/dfac.ca\/fr\/invalidite-au-dela-du-premier-regard\/\"]}]},{\"@type\":\"ImageObject\",\"inLanguage\":\"fr-FR\",\"@id\":\"https:\/\/dfac.ca\/fr\/invalidite-au-dela-du-premier-regard\/#primaryimage\",\"url\":\"https:\/\/dfac.ca\/wp-content\/uploads\/2016\/03\/disability-more-than-meets-the-eye.jpg\",\"contentUrl\":\"https:\/\/dfac.ca\/wp-content\/uploads\/2016\/03\/disability-more-than-meets-the-eye.jpg\",\"width\":800,\"height\":800,\"caption\":\"Invalidit\u00e9 : Au-del\u00e0 du premier regard\"},{\"@type\":\"BreadcrumbList\",\"@id\":\"https:\/\/dfac.ca\/fr\/invalidite-au-dela-du-premier-regard\/#breadcrumb\",\"itemListElement\":[{\"@type\":\"ListItem\",\"position\":1,\"name\":\"Home\",\"item\":\"https:\/\/dfac.ca\/fr\/\"},{\"@type\":\"ListItem\",\"position\":2,\"name\":\"Invalidit\u00e9 : Au-del\u00e0 du premier regard\u2026\"}]},{\"@type\":\"WebSite\",\"@id\":\"https:\/\/dfac.ca\/#website\",\"url\":\"https:\/\/dfac.ca\/\",\"name\":\"dfac.ca\",\"description\":\"Disability Financial Assitance Corporation\",\"publisher\":{\"@id\":\"https:\/\/dfac.ca\/#organization\"},\"potentialAction\":[{\"@type\":\"SearchAction\",\"target\":{\"@type\":\"EntryPoint\",\"urlTemplate\":\"https:\/\/dfac.ca\/?s={search_term_string}\"},\"query-input\":\"required name=search_term_string\"}],\"inLanguage\":\"fr-FR\"},{\"@type\":\"Organization\",\"@id\":\"https:\/\/dfac.ca\/#organization\",\"name\":\"dfac.ca\",\"url\":\"https:\/\/dfac.ca\/\",\"logo\":{\"@type\":\"ImageObject\",\"inLanguage\":\"fr-FR\",\"@id\":\"https:\/\/dfac.ca\/#\/schema\/logo\/image\/\",\"url\":\"https:\/\/dfac.ca\/wp-content\/uploads\/2020\/04\/dfac-logo-footer-300x116.png\",\"contentUrl\":\"https:\/\/dfac.ca\/wp-content\/uploads\/2020\/04\/dfac-logo-footer-300x116.png\",\"width\":300,\"height\":116,\"caption\":\"dfac.ca\"},\"image\":{\"@id\":\"https:\/\/dfac.ca\/#\/schema\/logo\/image\/\"}},{\"@type\":\"Person\",\"@id\":\"https:\/\/dfac.ca\/#\/schema\/person\/7614cac5eac8cebc9bafe2bdb52def9e\",\"name\":\"dfac\",\"image\":{\"@type\":\"ImageObject\",\"inLanguage\":\"fr-FR\",\"@id\":\"https:\/\/dfac.ca\/#\/schema\/person\/image\/\",\"url\":\"https:\/\/secure.gravatar.com\/avatar\/89f80c8ad0480de623b15195183b9fa9b92ce2fca47e3c7a8f0eb5162f6bec0b?s=96&d=mm&r=g\",\"contentUrl\":\"https:\/\/secure.gravatar.com\/avatar\/89f80c8ad0480de623b15195183b9fa9b92ce2fca47e3c7a8f0eb5162f6bec0b?s=96&d=mm&r=g\",\"caption\":\"dfac\"},\"url\":\"https:\/\/dfac.ca\/fr\/author\/dfac\/\"}]}<\/script>\n<!-- \/ Yoast SEO plugin. -->","yoast_head_json":{"title":"Invalidit\u00e9 : Au-del\u00e0 du premier regard\u2026 - dfac.ca","description":"Invalidit\u00e9 : Au-del\u00e0 du premier regard\u2026","robots":{"index":"index","follow":"follow","max-snippet":"max-snippet:-1","max-image-preview":"max-image-preview:large","max-video-preview":"max-video-preview:-1"},"canonical":"https:\/\/dfac.ca\/fr\/invalidite-au-dela-du-premier-regard\/","og_locale":"fr_FR","og_type":"article","og_title":"Invalidit\u00e9 : Au-del\u00e0 du premier regard\u2026 - dfac.ca","og_description":"Invalidit\u00e9 : Au-del\u00e0 du premier regard\u2026","og_url":"https:\/\/dfac.ca\/fr\/invalidite-au-dela-du-premier-regard\/","og_site_name":"dfac.ca","article_published_time":"2016-03-10T17:45:32+00:00","article_modified_time":"2016-03-10T17:51:52+00:00","og_image":[{"width":800,"height":800,"url":"https:\/\/dfac.ca\/wp-content\/uploads\/2016\/03\/disability-more-than-meets-the-eye.jpg","type":"image\/jpeg"}],"author":"dfac","twitter_card":"summary_large_image","twitter_misc":{"\u00c9crit par":"dfac","Dur\u00e9e de lecture estim\u00e9e":"3 minutes"},"schema":{"@context":"https:\/\/schema.org","@graph":[{"@type":"Article","@id":"https:\/\/dfac.ca\/fr\/invalidite-au-dela-du-premier-regard\/#article","isPartOf":{"@id":"https:\/\/dfac.ca\/fr\/invalidite-au-dela-du-premier-regard\/"},"author":{"name":"dfac","@id":"https:\/\/dfac.ca\/#\/schema\/person\/7614cac5eac8cebc9bafe2bdb52def9e"},"headline":"Invalidit\u00e9 : Au-del\u00e0 du premier regard\u2026","datePublished":"2016-03-10T17:45:32+00:00","dateModified":"2016-03-10T17:51:52+00:00","mainEntityOfPage":{"@id":"https:\/\/dfac.ca\/fr\/invalidite-au-dela-du-premier-regard\/"},"wordCount":510,"publisher":{"@id":"https:\/\/dfac.ca\/#organization"},"image":{"@id":"https:\/\/dfac.ca\/fr\/invalidite-au-dela-du-premier-regard\/#primaryimage"},"thumbnailUrl":"https:\/\/dfac.ca\/wp-content\/uploads\/2016\/03\/disability-more-than-meets-the-eye.jpg","articleSection":["Non classifi\u00e9(e)","Non classifi\u00e9(e)"],"inLanguage":"fr-FR"},{"@type":"WebPage","@id":"https:\/\/dfac.ca\/fr\/invalidite-au-dela-du-premier-regard\/","url":"https:\/\/dfac.ca\/fr\/invalidite-au-dela-du-premier-regard\/","name":"Invalidit\u00e9 : Au-del\u00e0 du premier regard\u2026 - dfac.ca","isPartOf":{"@id":"https:\/\/dfac.ca\/#website"},"primaryImageOfPage":{"@id":"https:\/\/dfac.ca\/fr\/invalidite-au-dela-du-premier-regard\/#primaryimage"},"image":{"@id":"https:\/\/dfac.ca\/fr\/invalidite-au-dela-du-premier-regard\/#primaryimage"},"thumbnailUrl":"https:\/\/dfac.ca\/wp-content\/uploads\/2016\/03\/disability-more-than-meets-the-eye.jpg","datePublished":"2016-03-10T17:45:32+00:00","dateModified":"2016-03-10T17:51:52+00:00","description":"Invalidit\u00e9 : Au-del\u00e0 du premier regard\u2026","breadcrumb":{"@id":"https:\/\/dfac.ca\/fr\/invalidite-au-dela-du-premier-regard\/#breadcrumb"},"inLanguage":"fr-FR","potentialAction":[{"@type":"ReadAction","target":["https:\/\/dfac.ca\/fr\/invalidite-au-dela-du-premier-regard\/"]}]},{"@type":"ImageObject","inLanguage":"fr-FR","@id":"https:\/\/dfac.ca\/fr\/invalidite-au-dela-du-premier-regard\/#primaryimage","url":"https:\/\/dfac.ca\/wp-content\/uploads\/2016\/03\/disability-more-than-meets-the-eye.jpg","contentUrl":"https:\/\/dfac.ca\/wp-content\/uploads\/2016\/03\/disability-more-than-meets-the-eye.jpg","width":800,"height":800,"caption":"Invalidit\u00e9 : Au-del\u00e0 du premier regard"},{"@type":"BreadcrumbList","@id":"https:\/\/dfac.ca\/fr\/invalidite-au-dela-du-premier-regard\/#breadcrumb","itemListElement":[{"@type":"ListItem","position":1,"name":"Home","item":"https:\/\/dfac.ca\/fr\/"},{"@type":"ListItem","position":2,"name":"Invalidit\u00e9 : Au-del\u00e0 du premier regard\u2026"}]},{"@type":"WebSite","@id":"https:\/\/dfac.ca\/#website","url":"https:\/\/dfac.ca\/","name":"dfac.ca","description":"Disability Financial Assitance Corporation","publisher":{"@id":"https:\/\/dfac.ca\/#organization"},"potentialAction":[{"@type":"SearchAction","target":{"@type":"EntryPoint","urlTemplate":"https:\/\/dfac.ca\/?s={search_term_string}"},"query-input":"required name=search_term_string"}],"inLanguage":"fr-FR"},{"@type":"Organization","@id":"https:\/\/dfac.ca\/#organization","name":"dfac.ca","url":"https:\/\/dfac.ca\/","logo":{"@type":"ImageObject","inLanguage":"fr-FR","@id":"https:\/\/dfac.ca\/#\/schema\/logo\/image\/","url":"https:\/\/dfac.ca\/wp-content\/uploads\/2020\/04\/dfac-logo-footer-300x116.png","contentUrl":"https:\/\/dfac.ca\/wp-content\/uploads\/2020\/04\/dfac-logo-footer-300x116.png","width":300,"height":116,"caption":"dfac.ca"},"image":{"@id":"https:\/\/dfac.ca\/#\/schema\/logo\/image\/"}},{"@type":"Person","@id":"https:\/\/dfac.ca\/#\/schema\/person\/7614cac5eac8cebc9bafe2bdb52def9e","name":"dfac","image":{"@type":"ImageObject","inLanguage":"fr-FR","@id":"https:\/\/dfac.ca\/#\/schema\/person\/image\/","url":"https:\/\/secure.gravatar.com\/avatar\/89f80c8ad0480de623b15195183b9fa9b92ce2fca47e3c7a8f0eb5162f6bec0b?s=96&d=mm&r=g","contentUrl":"https:\/\/secure.gravatar.com\/avatar\/89f80c8ad0480de623b15195183b9fa9b92ce2fca47e3c7a8f0eb5162f6bec0b?s=96&d=mm&r=g","caption":"dfac"},"url":"https:\/\/dfac.ca\/fr\/author\/dfac\/"}]}},"_links":{"self":[{"href":"https:\/\/dfac.ca\/fr\/wp-json\/wp\/v2\/posts\/3009","targetHints":{"allow":["GET"]}}],"collection":[{"href":"https:\/\/dfac.ca\/fr\/wp-json\/wp\/v2\/posts"}],"about":[{"href":"https:\/\/dfac.ca\/fr\/wp-json\/wp\/v2\/types\/post"}],"author":[{"embeddable":true,"href":"https:\/\/dfac.ca\/fr\/wp-json\/wp\/v2\/users\/2"}],"replies":[{"embeddable":true,"href":"https:\/\/dfac.ca\/fr\/wp-json\/wp\/v2\/comments?post=3009"}],"version-history":[{"count":0,"href":"https:\/\/dfac.ca\/fr\/wp-json\/wp\/v2\/posts\/3009\/revisions"}],"wp:featuredmedia":[{"embeddable":true,"href":"https:\/\/dfac.ca\/fr\/wp-json\/wp\/v2\/media\/3010"}],"wp:attachment":[{"href":"https:\/\/dfac.ca\/fr\/wp-json\/wp\/v2\/media?parent=3009"}],"wp:term":[{"taxonomy":"category","embeddable":true,"href":"https:\/\/dfac.ca\/fr\/wp-json\/wp\/v2\/categories?post=3009"},{"taxonomy":"post_tag","embeddable":true,"href":"https:\/\/dfac.ca\/fr\/wp-json\/wp\/v2\/tags?post=3009"}],"curies":[{"name":"wp","href":"https:\/\/api.w.org\/{rel}","templated":true}]}}