{"id":3026,"date":"2016-05-24T10:02:52","date_gmt":"2016-05-24T15:02:52","guid":{"rendered":"https:\/\/dfac.ca\/?p=3026"},"modified":"2016-05-24T10:04:08","modified_gmt":"2016-05-24T15:04:08","slug":"des-handicaps-invisibles-admissibles-aux-prestations-dinvalidite","status":"publish","type":"post","link":"https:\/\/dfac.ca\/fr\/des-handicaps-invisibles-admissibles-aux-prestations-dinvalidite\/","title":{"rendered":"Des handicaps invisibles admissibles aux prestations d&rsquo;invalidit\u00e9"},"content":{"rendered":"<p>Vous n&rsquo;\u00eates pas invisible, mais votre handicap l\u2019est. Vous \u00eates peut-\u00eatre aux prises avec la maladie de Crohn, le lupus, du diab\u00e8te\u00a0; vous en \u00eates aux premiers stades de la scl\u00e9rose en plaques, vous endurez de la douleur chronique, avez des probl\u00e8mes de sant\u00e9 mentale\u00a0; la liste est longue\u2026 Souffrez-vous d\u2019un mal \u2013 tels la narcolepsie, l\u2019arthrite, des \u00e9tourdissements chroniques, des migraines &#8211; que les gens ne peuvent pas voir, mais qui pour vous est bien r\u00e9el? Peut-\u00eatre \u00eates-vous n\u00e9 avec un pied bot qui a \u00e9t\u00e9 soign\u00e9, mais dont l&rsquo;impact indiscernable par les autres perdure sur votre mobilit\u00e9.<\/p>\n<p>Non, vous n&rsquo;avez pas de canne blanche, de proth\u00e8ses auditives ou de fauteuil roulant. Vous ne portez pas un signe distinctif proclamant : \u00abJe suis handicap\u00e9!\u00a0\u00bb Ceux qui vous croisent ne peuvent pas voir ce que vous subissez. Lorsque vous stationnez votre v\u00e9hicule sur une place r\u00e9serv\u00e9e aux handicap\u00e9s, les passants vous lancent un regard noir. Lorsque vous quittez votre bureau pour une pause de cinq minutes apr\u00e8s chaque heure de travail, les coll\u00e8gues se plaignent. Pourtant, vous savez que vos sympt\u00f4mes sont l\u00e0. Votre corps ne vous laisse pas l\u2019oublier. Vous devez vivre avec votre invalidit\u00e9, jour apr\u00e8s jour, une heure apr\u00e8s l\u2019autre.<\/p>\n<p>Nous comprenons. Nous comprenons que m\u00eame si nous ne pouvons pas nous en rendre compte, vous souffrez. Les t\u00e2ches courantes sont astreignantes et vous prennent du temps. La <u><a href=\"https:\/\/dfac.ca\/fr\/\">SAFP<\/a><\/u> peut vous aider \u00e0 obtenir des prestations du gouvernement pour compenser vos \u00e9preuves quotidiennes. Vos sympt\u00f4mes sont difficiles \u00e0 \u00e9valuer. Mais nous comprenons. Que vous soyez confront\u00e9 \u00e0 la maladie c\u0153liaque, \u00e0 la schizophr\u00e9nie ou \u00e0 un trouble du sommeil, nous pouvons vous aider \u00e0 compl\u00e9ter la demande dont vous avez besoin pour \u00eatre admissible aux prestations gouvernementales, discr\u00e8tement et efficacement. Ne cachez plus vos batailles! Appelez-nous d\u00e8s aujourd&rsquo;hui pour une <a href=\"https:\/\/dfac.ca\/fr\/eval-2\/\">\u00e9valuation qui ne vous engage en rien<\/a>.<\/p>\n","protected":false},"excerpt":{"rendered":"<p>Vous n&rsquo;\u00eates pas invisible, mais votre handicap l\u2019est. Vous \u00eates peut-\u00eatre aux prises avec la maladie de Crohn, le lupus, du diab\u00e8te\u00a0; vous en \u00eates aux premiers stades de la scl\u00e9rose en plaques, vous endurez de la douleur chronique, avez des probl\u00e8mes de sant\u00e9 mentale\u00a0; la liste est longue\u2026 Souffrez-vous d\u2019un mal \u2013 tels la [&hellip;]<\/p>\n","protected":false},"author":2,"featured_media":3029,"comment_status":"closed","ping_status":"closed","sticky":false,"template":"","format":"standard","meta":{"_genesis_hide_title":false,"_genesis_hide_breadcrumbs":false,"_genesis_hide_singular_image":false,"_genesis_hide_footer_widgets":false,"_genesis_custom_body_class":"","_genesis_custom_post_class":"","_genesis_layout":"","footnotes":""},"categories":[6,6],"tags":[],"class_list":{"0":"post-3026","1":"post","2":"type-post","3":"status-publish","4":"format-standard","5":"has-post-thumbnail","7":"category-non-classifiee","9":"entry"},"yoast_head":"<!-- This site is optimized with the Yoast SEO plugin v22.9 - https:\/\/yoast.com\/wordpress\/plugins\/seo\/ -->\n<title>Des handicaps invisibles admissibles aux prestations d&#039;invalidit\u00e9 - dfac.ca<\/title>\n<meta name=\"description\" content=\"Vous n&#039;\u00eates pas invisible, mais votre handicap l\u2019est.\" \/>\n<meta name=\"robots\" content=\"index, follow, max-snippet:-1, max-image-preview:large, max-video-preview:-1\" \/>\n<link rel=\"canonical\" href=\"https:\/\/dfac.ca\/fr\/des-handicaps-invisibles-admissibles-aux-prestations-dinvalidite\/\" \/>\n<meta property=\"og:locale\" content=\"fr_FR\" \/>\n<meta property=\"og:type\" content=\"article\" \/>\n<meta property=\"og:title\" content=\"Des handicaps invisibles admissibles aux prestations d&#039;invalidit\u00e9 - dfac.ca\" \/>\n<meta property=\"og:description\" content=\"Vous n&#039;\u00eates pas invisible, mais votre handicap l\u2019est.\" \/>\n<meta property=\"og:url\" content=\"https:\/\/dfac.ca\/fr\/des-handicaps-invisibles-admissibles-aux-prestations-dinvalidite\/\" \/>\n<meta property=\"og:site_name\" content=\"dfac.ca\" \/>\n<meta property=\"article:published_time\" content=\"2016-05-24T15:02:52+00:00\" \/>\n<meta property=\"article:modified_time\" content=\"2016-05-24T15:04:08+00:00\" \/>\n<meta property=\"og:image\" content=\"https:\/\/dfac.ca\/wp-content\/uploads\/2016\/05\/invisabilty.jpg\" \/>\n\t<meta property=\"og:image:width\" content=\"800\" \/>\n\t<meta property=\"og:image:height\" content=\"800\" \/>\n\t<meta property=\"og:image:type\" content=\"image\/jpeg\" \/>\n<meta name=\"author\" content=\"dfac\" \/>\n<meta name=\"twitter:card\" content=\"summary_large_image\" \/>\n<meta name=\"twitter:label1\" content=\"\u00c9crit par\" \/>\n\t<meta name=\"twitter:data1\" content=\"dfac\" \/>\n\t<meta name=\"twitter:label2\" content=\"Dur\u00e9e de lecture estim\u00e9e\" \/>\n\t<meta name=\"twitter:data2\" content=\"2 minutes\" \/>\n<script type=\"application\/ld+json\" class=\"yoast-schema-graph\">{\"@context\":\"https:\/\/schema.org\",\"@graph\":[{\"@type\":\"Article\",\"@id\":\"https:\/\/dfac.ca\/fr\/des-handicaps-invisibles-admissibles-aux-prestations-dinvalidite\/#article\",\"isPartOf\":{\"@id\":\"https:\/\/dfac.ca\/fr\/des-handicaps-invisibles-admissibles-aux-prestations-dinvalidite\/\"},\"author\":{\"name\":\"dfac\",\"@id\":\"https:\/\/dfac.ca\/#\/schema\/person\/7614cac5eac8cebc9bafe2bdb52def9e\"},\"headline\":\"Des handicaps invisibles admissibles aux prestations d&rsquo;invalidit\u00e9\",\"datePublished\":\"2016-05-24T15:02:52+00:00\",\"dateModified\":\"2016-05-24T15:04:08+00:00\",\"mainEntityOfPage\":{\"@id\":\"https:\/\/dfac.ca\/fr\/des-handicaps-invisibles-admissibles-aux-prestations-dinvalidite\/\"},\"wordCount\":339,\"publisher\":{\"@id\":\"https:\/\/dfac.ca\/#organization\"},\"image\":{\"@id\":\"https:\/\/dfac.ca\/fr\/des-handicaps-invisibles-admissibles-aux-prestations-dinvalidite\/#primaryimage\"},\"thumbnailUrl\":\"https:\/\/dfac.ca\/wp-content\/uploads\/2016\/05\/invisabilty.jpg\",\"articleSection\":[\"Non classifi\u00e9(e)\",\"Non classifi\u00e9(e)\"],\"inLanguage\":\"fr-FR\"},{\"@type\":\"WebPage\",\"@id\":\"https:\/\/dfac.ca\/fr\/des-handicaps-invisibles-admissibles-aux-prestations-dinvalidite\/\",\"url\":\"https:\/\/dfac.ca\/fr\/des-handicaps-invisibles-admissibles-aux-prestations-dinvalidite\/\",\"name\":\"Des handicaps invisibles admissibles aux prestations d'invalidit\u00e9 - dfac.ca\",\"isPartOf\":{\"@id\":\"https:\/\/dfac.ca\/#website\"},\"primaryImageOfPage\":{\"@id\":\"https:\/\/dfac.ca\/fr\/des-handicaps-invisibles-admissibles-aux-prestations-dinvalidite\/#primaryimage\"},\"image\":{\"@id\":\"https:\/\/dfac.ca\/fr\/des-handicaps-invisibles-admissibles-aux-prestations-dinvalidite\/#primaryimage\"},\"thumbnailUrl\":\"https:\/\/dfac.ca\/wp-content\/uploads\/2016\/05\/invisabilty.jpg\",\"datePublished\":\"2016-05-24T15:02:52+00:00\",\"dateModified\":\"2016-05-24T15:04:08+00:00\",\"description\":\"Vous n'\u00eates pas invisible, mais votre handicap l\u2019est.\",\"breadcrumb\":{\"@id\":\"https:\/\/dfac.ca\/fr\/des-handicaps-invisibles-admissibles-aux-prestations-dinvalidite\/#breadcrumb\"},\"inLanguage\":\"fr-FR\",\"potentialAction\":[{\"@type\":\"ReadAction\",\"target\":[\"https:\/\/dfac.ca\/fr\/des-handicaps-invisibles-admissibles-aux-prestations-dinvalidite\/\"]}]},{\"@type\":\"ImageObject\",\"inLanguage\":\"fr-FR\",\"@id\":\"https:\/\/dfac.ca\/fr\/des-handicaps-invisibles-admissibles-aux-prestations-dinvalidite\/#primaryimage\",\"url\":\"https:\/\/dfac.ca\/wp-content\/uploads\/2016\/05\/invisabilty.jpg\",\"contentUrl\":\"https:\/\/dfac.ca\/wp-content\/uploads\/2016\/05\/invisabilty.jpg\",\"width\":800,\"height\":800},{\"@type\":\"BreadcrumbList\",\"@id\":\"https:\/\/dfac.ca\/fr\/des-handicaps-invisibles-admissibles-aux-prestations-dinvalidite\/#breadcrumb\",\"itemListElement\":[{\"@type\":\"ListItem\",\"position\":1,\"name\":\"Home\",\"item\":\"https:\/\/dfac.ca\/fr\/\"},{\"@type\":\"ListItem\",\"position\":2,\"name\":\"Des handicaps invisibles admissibles aux prestations d&rsquo;invalidit\u00e9\"}]},{\"@type\":\"WebSite\",\"@id\":\"https:\/\/dfac.ca\/#website\",\"url\":\"https:\/\/dfac.ca\/\",\"name\":\"dfac.ca\",\"description\":\"Disability Financial Assitance Corporation\",\"publisher\":{\"@id\":\"https:\/\/dfac.ca\/#organization\"},\"potentialAction\":[{\"@type\":\"SearchAction\",\"target\":{\"@type\":\"EntryPoint\",\"urlTemplate\":\"https:\/\/dfac.ca\/?s={search_term_string}\"},\"query-input\":\"required name=search_term_string\"}],\"inLanguage\":\"fr-FR\"},{\"@type\":\"Organization\",\"@id\":\"https:\/\/dfac.ca\/#organization\",\"name\":\"dfac.ca\",\"url\":\"https:\/\/dfac.ca\/\",\"logo\":{\"@type\":\"ImageObject\",\"inLanguage\":\"fr-FR\",\"@id\":\"https:\/\/dfac.ca\/#\/schema\/logo\/image\/\",\"url\":\"https:\/\/dfac.ca\/wp-content\/uploads\/2020\/04\/dfac-logo-footer-300x116.png\",\"contentUrl\":\"https:\/\/dfac.ca\/wp-content\/uploads\/2020\/04\/dfac-logo-footer-300x116.png\",\"width\":300,\"height\":116,\"caption\":\"dfac.ca\"},\"image\":{\"@id\":\"https:\/\/dfac.ca\/#\/schema\/logo\/image\/\"}},{\"@type\":\"Person\",\"@id\":\"https:\/\/dfac.ca\/#\/schema\/person\/7614cac5eac8cebc9bafe2bdb52def9e\",\"name\":\"dfac\",\"image\":{\"@type\":\"ImageObject\",\"inLanguage\":\"fr-FR\",\"@id\":\"https:\/\/dfac.ca\/#\/schema\/person\/image\/\",\"url\":\"https:\/\/secure.gravatar.com\/avatar\/89f80c8ad0480de623b15195183b9fa9b92ce2fca47e3c7a8f0eb5162f6bec0b?s=96&d=mm&r=g\",\"contentUrl\":\"https:\/\/secure.gravatar.com\/avatar\/89f80c8ad0480de623b15195183b9fa9b92ce2fca47e3c7a8f0eb5162f6bec0b?s=96&d=mm&r=g\",\"caption\":\"dfac\"},\"url\":\"https:\/\/dfac.ca\/fr\/author\/dfac\/\"}]}<\/script>\n<!-- \/ Yoast SEO plugin. -->","yoast_head_json":{"title":"Des handicaps invisibles admissibles aux prestations d'invalidit\u00e9 - dfac.ca","description":"Vous n'\u00eates pas invisible, mais votre handicap l\u2019est.","robots":{"index":"index","follow":"follow","max-snippet":"max-snippet:-1","max-image-preview":"max-image-preview:large","max-video-preview":"max-video-preview:-1"},"canonical":"https:\/\/dfac.ca\/fr\/des-handicaps-invisibles-admissibles-aux-prestations-dinvalidite\/","og_locale":"fr_FR","og_type":"article","og_title":"Des handicaps invisibles admissibles aux prestations d'invalidit\u00e9 - dfac.ca","og_description":"Vous n'\u00eates pas invisible, mais votre handicap l\u2019est.","og_url":"https:\/\/dfac.ca\/fr\/des-handicaps-invisibles-admissibles-aux-prestations-dinvalidite\/","og_site_name":"dfac.ca","article_published_time":"2016-05-24T15:02:52+00:00","article_modified_time":"2016-05-24T15:04:08+00:00","og_image":[{"width":800,"height":800,"url":"https:\/\/dfac.ca\/wp-content\/uploads\/2016\/05\/invisabilty.jpg","type":"image\/jpeg"}],"author":"dfac","twitter_card":"summary_large_image","twitter_misc":{"\u00c9crit par":"dfac","Dur\u00e9e de lecture estim\u00e9e":"2 minutes"},"schema":{"@context":"https:\/\/schema.org","@graph":[{"@type":"Article","@id":"https:\/\/dfac.ca\/fr\/des-handicaps-invisibles-admissibles-aux-prestations-dinvalidite\/#article","isPartOf":{"@id":"https:\/\/dfac.ca\/fr\/des-handicaps-invisibles-admissibles-aux-prestations-dinvalidite\/"},"author":{"name":"dfac","@id":"https:\/\/dfac.ca\/#\/schema\/person\/7614cac5eac8cebc9bafe2bdb52def9e"},"headline":"Des handicaps invisibles admissibles aux prestations d&rsquo;invalidit\u00e9","datePublished":"2016-05-24T15:02:52+00:00","dateModified":"2016-05-24T15:04:08+00:00","mainEntityOfPage":{"@id":"https:\/\/dfac.ca\/fr\/des-handicaps-invisibles-admissibles-aux-prestations-dinvalidite\/"},"wordCount":339,"publisher":{"@id":"https:\/\/dfac.ca\/#organization"},"image":{"@id":"https:\/\/dfac.ca\/fr\/des-handicaps-invisibles-admissibles-aux-prestations-dinvalidite\/#primaryimage"},"thumbnailUrl":"https:\/\/dfac.ca\/wp-content\/uploads\/2016\/05\/invisabilty.jpg","articleSection":["Non classifi\u00e9(e)","Non classifi\u00e9(e)"],"inLanguage":"fr-FR"},{"@type":"WebPage","@id":"https:\/\/dfac.ca\/fr\/des-handicaps-invisibles-admissibles-aux-prestations-dinvalidite\/","url":"https:\/\/dfac.ca\/fr\/des-handicaps-invisibles-admissibles-aux-prestations-dinvalidite\/","name":"Des handicaps invisibles admissibles aux prestations d'invalidit\u00e9 - dfac.ca","isPartOf":{"@id":"https:\/\/dfac.ca\/#website"},"primaryImageOfPage":{"@id":"https:\/\/dfac.ca\/fr\/des-handicaps-invisibles-admissibles-aux-prestations-dinvalidite\/#primaryimage"},"image":{"@id":"https:\/\/dfac.ca\/fr\/des-handicaps-invisibles-admissibles-aux-prestations-dinvalidite\/#primaryimage"},"thumbnailUrl":"https:\/\/dfac.ca\/wp-content\/uploads\/2016\/05\/invisabilty.jpg","datePublished":"2016-05-24T15:02:52+00:00","dateModified":"2016-05-24T15:04:08+00:00","description":"Vous n'\u00eates pas invisible, mais votre handicap l\u2019est.","breadcrumb":{"@id":"https:\/\/dfac.ca\/fr\/des-handicaps-invisibles-admissibles-aux-prestations-dinvalidite\/#breadcrumb"},"inLanguage":"fr-FR","potentialAction":[{"@type":"ReadAction","target":["https:\/\/dfac.ca\/fr\/des-handicaps-invisibles-admissibles-aux-prestations-dinvalidite\/"]}]},{"@type":"ImageObject","inLanguage":"fr-FR","@id":"https:\/\/dfac.ca\/fr\/des-handicaps-invisibles-admissibles-aux-prestations-dinvalidite\/#primaryimage","url":"https:\/\/dfac.ca\/wp-content\/uploads\/2016\/05\/invisabilty.jpg","contentUrl":"https:\/\/dfac.ca\/wp-content\/uploads\/2016\/05\/invisabilty.jpg","width":800,"height":800},{"@type":"BreadcrumbList","@id":"https:\/\/dfac.ca\/fr\/des-handicaps-invisibles-admissibles-aux-prestations-dinvalidite\/#breadcrumb","itemListElement":[{"@type":"ListItem","position":1,"name":"Home","item":"https:\/\/dfac.ca\/fr\/"},{"@type":"ListItem","position":2,"name":"Des handicaps invisibles admissibles aux prestations d&rsquo;invalidit\u00e9"}]},{"@type":"WebSite","@id":"https:\/\/dfac.ca\/#website","url":"https:\/\/dfac.ca\/","name":"dfac.ca","description":"Disability Financial Assitance Corporation","publisher":{"@id":"https:\/\/dfac.ca\/#organization"},"potentialAction":[{"@type":"SearchAction","target":{"@type":"EntryPoint","urlTemplate":"https:\/\/dfac.ca\/?s={search_term_string}"},"query-input":"required name=search_term_string"}],"inLanguage":"fr-FR"},{"@type":"Organization","@id":"https:\/\/dfac.ca\/#organization","name":"dfac.ca","url":"https:\/\/dfac.ca\/","logo":{"@type":"ImageObject","inLanguage":"fr-FR","@id":"https:\/\/dfac.ca\/#\/schema\/logo\/image\/","url":"https:\/\/dfac.ca\/wp-content\/uploads\/2020\/04\/dfac-logo-footer-300x116.png","contentUrl":"https:\/\/dfac.ca\/wp-content\/uploads\/2020\/04\/dfac-logo-footer-300x116.png","width":300,"height":116,"caption":"dfac.ca"},"image":{"@id":"https:\/\/dfac.ca\/#\/schema\/logo\/image\/"}},{"@type":"Person","@id":"https:\/\/dfac.ca\/#\/schema\/person\/7614cac5eac8cebc9bafe2bdb52def9e","name":"dfac","image":{"@type":"ImageObject","inLanguage":"fr-FR","@id":"https:\/\/dfac.ca\/#\/schema\/person\/image\/","url":"https:\/\/secure.gravatar.com\/avatar\/89f80c8ad0480de623b15195183b9fa9b92ce2fca47e3c7a8f0eb5162f6bec0b?s=96&d=mm&r=g","contentUrl":"https:\/\/secure.gravatar.com\/avatar\/89f80c8ad0480de623b15195183b9fa9b92ce2fca47e3c7a8f0eb5162f6bec0b?s=96&d=mm&r=g","caption":"dfac"},"url":"https:\/\/dfac.ca\/fr\/author\/dfac\/"}]}},"_links":{"self":[{"href":"https:\/\/dfac.ca\/fr\/wp-json\/wp\/v2\/posts\/3026","targetHints":{"allow":["GET"]}}],"collection":[{"href":"https:\/\/dfac.ca\/fr\/wp-json\/wp\/v2\/posts"}],"about":[{"href":"https:\/\/dfac.ca\/fr\/wp-json\/wp\/v2\/types\/post"}],"author":[{"embeddable":true,"href":"https:\/\/dfac.ca\/fr\/wp-json\/wp\/v2\/users\/2"}],"replies":[{"embeddable":true,"href":"https:\/\/dfac.ca\/fr\/wp-json\/wp\/v2\/comments?post=3026"}],"version-history":[{"count":0,"href":"https:\/\/dfac.ca\/fr\/wp-json\/wp\/v2\/posts\/3026\/revisions"}],"wp:featuredmedia":[{"embeddable":true,"href":"https:\/\/dfac.ca\/fr\/wp-json\/wp\/v2\/media\/3029"}],"wp:attachment":[{"href":"https:\/\/dfac.ca\/fr\/wp-json\/wp\/v2\/media?parent=3026"}],"wp:term":[{"taxonomy":"category","embeddable":true,"href":"https:\/\/dfac.ca\/fr\/wp-json\/wp\/v2\/categories?post=3026"},{"taxonomy":"post_tag","embeddable":true,"href":"https:\/\/dfac.ca\/fr\/wp-json\/wp\/v2\/tags?post=3026"}],"curies":[{"name":"wp","href":"https:\/\/api.w.org\/{rel}","templated":true}]}}