{"id":3067,"date":"2016-11-10T10:59:51","date_gmt":"2016-11-10T15:59:51","guid":{"rendered":"https:\/\/dfac.ca\/?p=3067"},"modified":"2016-11-24T10:39:36","modified_gmt":"2016-11-24T15:39:36","slug":"briser-la-stigmatisation-du-tdah","status":"publish","type":"post","link":"https:\/\/dfac.ca\/fr\/briser-la-stigmatisation-du-tdah\/","title":{"rendered":"Briser la stigmatisation du TDAH"},"content":{"rendered":"<p>Simone Biles a un TDAH. La quadruple m\u00e9daill\u00e9e d&rsquo;or olympique a bien subi un test antidopage positif ainsi que le public vient d\u2019en \u00eatre inform\u00e9 par des pirates informatiques vicieux. Pourtant, quelle a \u00e9t\u00e9 la r\u00e9action de Simone devant cette atteinte \u00e0 sa vie priv\u00e9e? Elle a r\u00e9pondu en tweetant publiquement qu&rsquo;elle souffrait d\u2019un TDAH pour lequel elle suivait un traitement depuis son enfance. \u00abAvoir un TDAH et se soigner avec des m\u00e9dicaments n\u2019a rien de honteux, rien qui me fasse redouter d\u2019en informer le public\u00a0\u00bb a-t-elle affirm\u00e9. Allez consulter le clip d\u2019information par vous-m\u00eame!<\/p>\n<p><a href=\"https:\/\/francais.rt.com\/international\/26270-lama-aurait-permis-williams-substances-interdites\">\u00a0https:\/\/francais.rt.com\/international\/26270-lama-aurait-permis-williams-substances-interdites<\/a><\/p>\n<p>Le TDAH est une condition r\u00e9elle g\u00e9n\u00e9ralement diagnostiqu\u00e9e durant l&rsquo;enfance mais qui continue \u00e0 s\u00e9vir plus tard dans la vie d\u2019adulte, affectant la gestion du temps, les comp\u00e9tences organisationnelles, l&rsquo;\u00e9tablissement d&rsquo;objectifs, le maintien d\u2019un emploi et les relations personnelles. Certains malades choisissent de prendre des m\u00e9dicaments; d&rsquo;autres pr\u00e9f\u00e8rent une th\u00e9rapie comportementale. Peu importe l&rsquo;option de traitement, le TDAH existe; il est une r\u00e9alit\u00e9 pour d&rsquo;innombrables personnes, enfants comme adultes.<\/p>\n<p>Simone a r\u00e9agi de fa\u00e7on h\u00e9ro\u00efque en prenant sa propre d\u00e9fense pour se nettoyer de tout soup\u00e7on. Je vous remercie Simone d\u2019avoir lev\u00e9 le voile stigmatisant les personnes qui souffrent d\u2019un TDAH. Vous m\u00e9ritez une m\u00e9daille d&rsquo;or suppl\u00e9mentaire!<\/p>\n","protected":false},"excerpt":{"rendered":"<p>Simone Biles a un TDAH. La quadruple m\u00e9daill\u00e9e d&rsquo;or olympique a bien subi un test antidopage positif ainsi que le public vient d\u2019en \u00eatre inform\u00e9 par des pirates informatiques vicieux. Pourtant, quelle a \u00e9t\u00e9 la r\u00e9action de Simone devant cette atteinte \u00e0 sa vie priv\u00e9e? Elle a r\u00e9pondu en tweetant publiquement qu&rsquo;elle souffrait d\u2019un TDAH [&hellip;]<\/p>\n","protected":false},"author":2,"featured_media":3070,"comment_status":"closed","ping_status":"closed","sticky":false,"template":"","format":"standard","meta":{"_genesis_hide_title":false,"_genesis_hide_breadcrumbs":false,"_genesis_hide_singular_image":false,"_genesis_hide_footer_widgets":false,"_genesis_custom_body_class":"","_genesis_custom_post_class":"","_genesis_layout":"","footnotes":""},"categories":[6],"tags":[],"class_list":{"0":"post-3067","1":"post","2":"type-post","3":"status-publish","4":"format-standard","5":"has-post-thumbnail","7":"category-non-classifiee","8":"entry"},"yoast_head":"<!-- This site is optimized with the Yoast SEO plugin v22.9 - https:\/\/yoast.com\/wordpress\/plugins\/seo\/ -->\n<title>Briser la stigmatisation du TDAH - dfac.ca<\/title>\n<meta name=\"description\" content=\"Briser la stigmatisation du TDAH\" \/>\n<meta name=\"robots\" content=\"index, follow, max-snippet:-1, max-image-preview:large, max-video-preview:-1\" \/>\n<link rel=\"canonical\" href=\"https:\/\/dfac.ca\/fr\/briser-la-stigmatisation-du-tdah\/\" \/>\n<meta property=\"og:locale\" content=\"fr_FR\" \/>\n<meta property=\"og:type\" content=\"article\" \/>\n<meta property=\"og:title\" content=\"Briser la stigmatisation du TDAH - dfac.ca\" \/>\n<meta property=\"og:description\" content=\"Briser la stigmatisation du TDAH\" \/>\n<meta property=\"og:url\" content=\"https:\/\/dfac.ca\/fr\/briser-la-stigmatisation-du-tdah\/\" \/>\n<meta property=\"og:site_name\" content=\"dfac.ca\" \/>\n<meta property=\"article:published_time\" content=\"2016-11-10T15:59:51+00:00\" \/>\n<meta property=\"article:modified_time\" content=\"2016-11-24T15:39:36+00:00\" \/>\n<meta property=\"og:image\" content=\"https:\/\/dfac.ca\/wp-content\/uploads\/2016\/11\/ADHD-wins-gold-French.png\" \/>\n\t<meta property=\"og:image:width\" content=\"800\" \/>\n\t<meta property=\"og:image:height\" content=\"800\" \/>\n\t<meta property=\"og:image:type\" content=\"image\/png\" \/>\n<meta name=\"author\" content=\"dfac\" \/>\n<meta name=\"twitter:card\" content=\"summary_large_image\" \/>\n<meta name=\"twitter:label1\" content=\"\u00c9crit par\" \/>\n\t<meta name=\"twitter:data1\" content=\"dfac\" \/>\n\t<meta name=\"twitter:label2\" content=\"Dur\u00e9e de lecture estim\u00e9e\" \/>\n\t<meta name=\"twitter:data2\" content=\"1 minute\" \/>\n<script type=\"application\/ld+json\" class=\"yoast-schema-graph\">{\"@context\":\"https:\/\/schema.org\",\"@graph\":[{\"@type\":\"Article\",\"@id\":\"https:\/\/dfac.ca\/fr\/briser-la-stigmatisation-du-tdah\/#article\",\"isPartOf\":{\"@id\":\"https:\/\/dfac.ca\/fr\/briser-la-stigmatisation-du-tdah\/\"},\"author\":{\"name\":\"dfac\",\"@id\":\"https:\/\/dfac.ca\/#\/schema\/person\/7614cac5eac8cebc9bafe2bdb52def9e\"},\"headline\":\"Briser la stigmatisation du TDAH\",\"datePublished\":\"2016-11-10T15:59:51+00:00\",\"dateModified\":\"2016-11-24T15:39:36+00:00\",\"mainEntityOfPage\":{\"@id\":\"https:\/\/dfac.ca\/fr\/briser-la-stigmatisation-du-tdah\/\"},\"wordCount\":248,\"publisher\":{\"@id\":\"https:\/\/dfac.ca\/#organization\"},\"image\":{\"@id\":\"https:\/\/dfac.ca\/fr\/briser-la-stigmatisation-du-tdah\/#primaryimage\"},\"thumbnailUrl\":\"https:\/\/dfac.ca\/wp-content\/uploads\/2016\/11\/ADHD-wins-gold-French.png\",\"articleSection\":[\"Non classifi\u00e9(e)\"],\"inLanguage\":\"fr-FR\"},{\"@type\":\"WebPage\",\"@id\":\"https:\/\/dfac.ca\/fr\/briser-la-stigmatisation-du-tdah\/\",\"url\":\"https:\/\/dfac.ca\/fr\/briser-la-stigmatisation-du-tdah\/\",\"name\":\"Briser la stigmatisation du TDAH - dfac.ca\",\"isPartOf\":{\"@id\":\"https:\/\/dfac.ca\/#website\"},\"primaryImageOfPage\":{\"@id\":\"https:\/\/dfac.ca\/fr\/briser-la-stigmatisation-du-tdah\/#primaryimage\"},\"image\":{\"@id\":\"https:\/\/dfac.ca\/fr\/briser-la-stigmatisation-du-tdah\/#primaryimage\"},\"thumbnailUrl\":\"https:\/\/dfac.ca\/wp-content\/uploads\/2016\/11\/ADHD-wins-gold-French.png\",\"datePublished\":\"2016-11-10T15:59:51+00:00\",\"dateModified\":\"2016-11-24T15:39:36+00:00\",\"description\":\"Briser la stigmatisation du TDAH\",\"breadcrumb\":{\"@id\":\"https:\/\/dfac.ca\/fr\/briser-la-stigmatisation-du-tdah\/#breadcrumb\"},\"inLanguage\":\"fr-FR\",\"potentialAction\":[{\"@type\":\"ReadAction\",\"target\":[\"https:\/\/dfac.ca\/fr\/briser-la-stigmatisation-du-tdah\/\"]}]},{\"@type\":\"ImageObject\",\"inLanguage\":\"fr-FR\",\"@id\":\"https:\/\/dfac.ca\/fr\/briser-la-stigmatisation-du-tdah\/#primaryimage\",\"url\":\"https:\/\/dfac.ca\/wp-content\/uploads\/2016\/11\/ADHD-wins-gold-French.png\",\"contentUrl\":\"https:\/\/dfac.ca\/wp-content\/uploads\/2016\/11\/ADHD-wins-gold-French.png\",\"width\":800,\"height\":800,\"caption\":\"TDAH\"},{\"@type\":\"BreadcrumbList\",\"@id\":\"https:\/\/dfac.ca\/fr\/briser-la-stigmatisation-du-tdah\/#breadcrumb\",\"itemListElement\":[{\"@type\":\"ListItem\",\"position\":1,\"name\":\"Home\",\"item\":\"https:\/\/dfac.ca\/fr\/\"},{\"@type\":\"ListItem\",\"position\":2,\"name\":\"Briser la stigmatisation du TDAH\"}]},{\"@type\":\"WebSite\",\"@id\":\"https:\/\/dfac.ca\/#website\",\"url\":\"https:\/\/dfac.ca\/\",\"name\":\"dfac.ca\",\"description\":\"Disability Financial Assitance Corporation\",\"publisher\":{\"@id\":\"https:\/\/dfac.ca\/#organization\"},\"potentialAction\":[{\"@type\":\"SearchAction\",\"target\":{\"@type\":\"EntryPoint\",\"urlTemplate\":\"https:\/\/dfac.ca\/?s={search_term_string}\"},\"query-input\":\"required name=search_term_string\"}],\"inLanguage\":\"fr-FR\"},{\"@type\":\"Organization\",\"@id\":\"https:\/\/dfac.ca\/#organization\",\"name\":\"dfac.ca\",\"url\":\"https:\/\/dfac.ca\/\",\"logo\":{\"@type\":\"ImageObject\",\"inLanguage\":\"fr-FR\",\"@id\":\"https:\/\/dfac.ca\/#\/schema\/logo\/image\/\",\"url\":\"https:\/\/dfac.ca\/wp-content\/uploads\/2020\/04\/dfac-logo-footer-300x116.png\",\"contentUrl\":\"https:\/\/dfac.ca\/wp-content\/uploads\/2020\/04\/dfac-logo-footer-300x116.png\",\"width\":300,\"height\":116,\"caption\":\"dfac.ca\"},\"image\":{\"@id\":\"https:\/\/dfac.ca\/#\/schema\/logo\/image\/\"}},{\"@type\":\"Person\",\"@id\":\"https:\/\/dfac.ca\/#\/schema\/person\/7614cac5eac8cebc9bafe2bdb52def9e\",\"name\":\"dfac\",\"image\":{\"@type\":\"ImageObject\",\"inLanguage\":\"fr-FR\",\"@id\":\"https:\/\/dfac.ca\/#\/schema\/person\/image\/\",\"url\":\"https:\/\/secure.gravatar.com\/avatar\/89f80c8ad0480de623b15195183b9fa9b92ce2fca47e3c7a8f0eb5162f6bec0b?s=96&d=mm&r=g\",\"contentUrl\":\"https:\/\/secure.gravatar.com\/avatar\/89f80c8ad0480de623b15195183b9fa9b92ce2fca47e3c7a8f0eb5162f6bec0b?s=96&d=mm&r=g\",\"caption\":\"dfac\"},\"url\":\"https:\/\/dfac.ca\/fr\/author\/dfac\/\"}]}<\/script>\n<!-- \/ Yoast SEO plugin. -->","yoast_head_json":{"title":"Briser la stigmatisation du TDAH - dfac.ca","description":"Briser la stigmatisation du TDAH","robots":{"index":"index","follow":"follow","max-snippet":"max-snippet:-1","max-image-preview":"max-image-preview:large","max-video-preview":"max-video-preview:-1"},"canonical":"https:\/\/dfac.ca\/fr\/briser-la-stigmatisation-du-tdah\/","og_locale":"fr_FR","og_type":"article","og_title":"Briser la stigmatisation du TDAH - dfac.ca","og_description":"Briser la stigmatisation du TDAH","og_url":"https:\/\/dfac.ca\/fr\/briser-la-stigmatisation-du-tdah\/","og_site_name":"dfac.ca","article_published_time":"2016-11-10T15:59:51+00:00","article_modified_time":"2016-11-24T15:39:36+00:00","og_image":[{"width":800,"height":800,"url":"https:\/\/dfac.ca\/wp-content\/uploads\/2016\/11\/ADHD-wins-gold-French.png","type":"image\/png"}],"author":"dfac","twitter_card":"summary_large_image","twitter_misc":{"\u00c9crit par":"dfac","Dur\u00e9e de lecture estim\u00e9e":"1 minute"},"schema":{"@context":"https:\/\/schema.org","@graph":[{"@type":"Article","@id":"https:\/\/dfac.ca\/fr\/briser-la-stigmatisation-du-tdah\/#article","isPartOf":{"@id":"https:\/\/dfac.ca\/fr\/briser-la-stigmatisation-du-tdah\/"},"author":{"name":"dfac","@id":"https:\/\/dfac.ca\/#\/schema\/person\/7614cac5eac8cebc9bafe2bdb52def9e"},"headline":"Briser la stigmatisation du TDAH","datePublished":"2016-11-10T15:59:51+00:00","dateModified":"2016-11-24T15:39:36+00:00","mainEntityOfPage":{"@id":"https:\/\/dfac.ca\/fr\/briser-la-stigmatisation-du-tdah\/"},"wordCount":248,"publisher":{"@id":"https:\/\/dfac.ca\/#organization"},"image":{"@id":"https:\/\/dfac.ca\/fr\/briser-la-stigmatisation-du-tdah\/#primaryimage"},"thumbnailUrl":"https:\/\/dfac.ca\/wp-content\/uploads\/2016\/11\/ADHD-wins-gold-French.png","articleSection":["Non classifi\u00e9(e)"],"inLanguage":"fr-FR"},{"@type":"WebPage","@id":"https:\/\/dfac.ca\/fr\/briser-la-stigmatisation-du-tdah\/","url":"https:\/\/dfac.ca\/fr\/briser-la-stigmatisation-du-tdah\/","name":"Briser la stigmatisation du TDAH - dfac.ca","isPartOf":{"@id":"https:\/\/dfac.ca\/#website"},"primaryImageOfPage":{"@id":"https:\/\/dfac.ca\/fr\/briser-la-stigmatisation-du-tdah\/#primaryimage"},"image":{"@id":"https:\/\/dfac.ca\/fr\/briser-la-stigmatisation-du-tdah\/#primaryimage"},"thumbnailUrl":"https:\/\/dfac.ca\/wp-content\/uploads\/2016\/11\/ADHD-wins-gold-French.png","datePublished":"2016-11-10T15:59:51+00:00","dateModified":"2016-11-24T15:39:36+00:00","description":"Briser la stigmatisation du TDAH","breadcrumb":{"@id":"https:\/\/dfac.ca\/fr\/briser-la-stigmatisation-du-tdah\/#breadcrumb"},"inLanguage":"fr-FR","potentialAction":[{"@type":"ReadAction","target":["https:\/\/dfac.ca\/fr\/briser-la-stigmatisation-du-tdah\/"]}]},{"@type":"ImageObject","inLanguage":"fr-FR","@id":"https:\/\/dfac.ca\/fr\/briser-la-stigmatisation-du-tdah\/#primaryimage","url":"https:\/\/dfac.ca\/wp-content\/uploads\/2016\/11\/ADHD-wins-gold-French.png","contentUrl":"https:\/\/dfac.ca\/wp-content\/uploads\/2016\/11\/ADHD-wins-gold-French.png","width":800,"height":800,"caption":"TDAH"},{"@type":"BreadcrumbList","@id":"https:\/\/dfac.ca\/fr\/briser-la-stigmatisation-du-tdah\/#breadcrumb","itemListElement":[{"@type":"ListItem","position":1,"name":"Home","item":"https:\/\/dfac.ca\/fr\/"},{"@type":"ListItem","position":2,"name":"Briser la stigmatisation du TDAH"}]},{"@type":"WebSite","@id":"https:\/\/dfac.ca\/#website","url":"https:\/\/dfac.ca\/","name":"dfac.ca","description":"Disability Financial Assitance Corporation","publisher":{"@id":"https:\/\/dfac.ca\/#organization"},"potentialAction":[{"@type":"SearchAction","target":{"@type":"EntryPoint","urlTemplate":"https:\/\/dfac.ca\/?s={search_term_string}"},"query-input":"required name=search_term_string"}],"inLanguage":"fr-FR"},{"@type":"Organization","@id":"https:\/\/dfac.ca\/#organization","name":"dfac.ca","url":"https:\/\/dfac.ca\/","logo":{"@type":"ImageObject","inLanguage":"fr-FR","@id":"https:\/\/dfac.ca\/#\/schema\/logo\/image\/","url":"https:\/\/dfac.ca\/wp-content\/uploads\/2020\/04\/dfac-logo-footer-300x116.png","contentUrl":"https:\/\/dfac.ca\/wp-content\/uploads\/2020\/04\/dfac-logo-footer-300x116.png","width":300,"height":116,"caption":"dfac.ca"},"image":{"@id":"https:\/\/dfac.ca\/#\/schema\/logo\/image\/"}},{"@type":"Person","@id":"https:\/\/dfac.ca\/#\/schema\/person\/7614cac5eac8cebc9bafe2bdb52def9e","name":"dfac","image":{"@type":"ImageObject","inLanguage":"fr-FR","@id":"https:\/\/dfac.ca\/#\/schema\/person\/image\/","url":"https:\/\/secure.gravatar.com\/avatar\/89f80c8ad0480de623b15195183b9fa9b92ce2fca47e3c7a8f0eb5162f6bec0b?s=96&d=mm&r=g","contentUrl":"https:\/\/secure.gravatar.com\/avatar\/89f80c8ad0480de623b15195183b9fa9b92ce2fca47e3c7a8f0eb5162f6bec0b?s=96&d=mm&r=g","caption":"dfac"},"url":"https:\/\/dfac.ca\/fr\/author\/dfac\/"}]}},"_links":{"self":[{"href":"https:\/\/dfac.ca\/fr\/wp-json\/wp\/v2\/posts\/3067","targetHints":{"allow":["GET"]}}],"collection":[{"href":"https:\/\/dfac.ca\/fr\/wp-json\/wp\/v2\/posts"}],"about":[{"href":"https:\/\/dfac.ca\/fr\/wp-json\/wp\/v2\/types\/post"}],"author":[{"embeddable":true,"href":"https:\/\/dfac.ca\/fr\/wp-json\/wp\/v2\/users\/2"}],"replies":[{"embeddable":true,"href":"https:\/\/dfac.ca\/fr\/wp-json\/wp\/v2\/comments?post=3067"}],"version-history":[{"count":0,"href":"https:\/\/dfac.ca\/fr\/wp-json\/wp\/v2\/posts\/3067\/revisions"}],"wp:featuredmedia":[{"embeddable":true,"href":"https:\/\/dfac.ca\/fr\/wp-json\/wp\/v2\/media\/3070"}],"wp:attachment":[{"href":"https:\/\/dfac.ca\/fr\/wp-json\/wp\/v2\/media?parent=3067"}],"wp:term":[{"taxonomy":"category","embeddable":true,"href":"https:\/\/dfac.ca\/fr\/wp-json\/wp\/v2\/categories?post=3067"},{"taxonomy":"post_tag","embeddable":true,"href":"https:\/\/dfac.ca\/fr\/wp-json\/wp\/v2\/tags?post=3067"}],"curies":[{"name":"wp","href":"https:\/\/api.w.org\/{rel}","templated":true}]}}