{"id":336,"date":"2015-08-11T11:22:36","date_gmt":"2015-08-11T16:22:36","guid":{"rendered":"https:\/\/dfac.ca\/?p=336"},"modified":"2015-08-11T11:22:36","modified_gmt":"2015-08-11T16:22:36","slug":"trouble-dapprentissage-et-credit-dimpot-pour-personnes-handicapees","status":"publish","type":"post","link":"https:\/\/dfac.ca\/fr\/trouble-dapprentissage-et-credit-dimpot-pour-personnes-handicapees\/","title":{"rendered":"Trouble d&rsquo;apprentissage et cr\u00e9dit d&rsquo;imp\u00f4t pour personnes handicap\u00e9es"},"content":{"rendered":"<p>\u00ab\u00a0Mon enfant a un trouble d&rsquo;apprentissage. Sera-t-il en mesure de b\u00e9n\u00e9ficier du cr\u00e9dit d&rsquo;imp\u00f4t pour personnes handicap\u00e9es? \u00a0\u00bb<\/p>\n<p>Ceci est l&rsquo;une des questions les plus courantes que je re\u00e7ois, et souvent, la r\u00e9ponse est oui! Tout d&rsquo;abord, jetons un coup d\u2019\u0153il sur les crit\u00e8res fix\u00e9s par l&rsquo;Agence du revenu du Canada, puis voyons comment un trouble d&rsquo;apprentissage peut remplir ces conditions.<\/p>\n<p><b>La d\u00e9ficience des fonctions mentales<\/b><\/p>\n<p>L\u2019une des conditions m\u00e9dicales \u00e9num\u00e9r\u00e9es par l&rsquo;Agence du revenu du Canada est <a href=\"http:\/\/www.cra-arc.gc.ca\/tx\/ndvdls\/sgmnts\/dsblts\/qlfd-prcts\/dtrmnng\/mntl-fra.html\">\u00ab\u00a0les fonctions mentales n\u00e9cessaires pour la vie quotidienne.<\/a>\u00a0\u00bb Les fonctions mentales les plus courantes se scindent en deux sous-cat\u00e9gories: l\u2019apprentissage fonctionnel de l\u2019ind\u00e9pendance et la m\u00e9morisation.<\/p>\n<p>L\u2019apprentissage fonctionnel de l\u2019ind\u00e9pendance inclut<\/p>\n<p>\u2022 Prendre soin de soi<\/p>\n<p>\u2022 Se soucier de sa sant\u00e9 et de sa s\u00e9curit\u00e9<\/p>\n<p>\u2022 Initier et \/ ou \u00a0interagir socialement, interpr\u00e9ter ad\u00e9quatement les situations sociales<\/p>\n<p>\u2022 \u00catre capable de transactions simples et ordinaires<\/p>\n<p>La m\u00e9morisation renvoie au souvenir\u00a0:<\/p>\n<p>\u2022 D\u2019instructions simples<\/p>\n<p>\u2022 Des informations personnelles de base comme le nom et l&rsquo;adresse<\/p>\n<p>\u2022 De donn\u00e9es d&rsquo;importance et pr\u00e9sentant un fort int\u00e9r\u00eat<\/p>\n<p>Les individus qui pr\u00e9sentent une fonction mentale d\u00e9ficiente peuvent avoir du mal \u00e0 r\u00e9soudre des probl\u00e8mes, \u00e0 se fixer des objectifs et \u00e0 \u00a0prendre des d\u00e9cisions avis\u00e9es, constamment ou presque.<\/p>\n<p><b>\u00a0<\/b><\/p>\n<p><b>Troubles d\u2019apprentissage\u00a0: D\u00e9finition<\/b><\/p>\n<p><a href=\"http:\/\/www.ldac-acta.ca\/fr\/\">L&rsquo;Association canadienne des troubles d&rsquo;apprentissage<\/a> pr\u00e9sente une d\u00e9finition approfondie du trouble d&rsquo;apprentissage. Ce dysfonctionnement affecte la capacit\u00e9 d\u2019apprentissage de personnes qui, par ailleurs, d\u00e9montrent des habilet\u00e9s intellectuelles moyennes essentielles \u00e0 la pens\u00e9e ou au raisonnement mais qui sont atteintes dans un ou\u00a0 plusieurs des processus touchant \u00a01) la perception, 2) la pens\u00e9e, 3) la m\u00e9morisation et\/ou 4) l\u2019apprentissage. Les troubles d\u2019apprentissage, qui par d\u00e9finition touchent des individus d&rsquo;intelligence moyenne, peuvent parfois \u00eatre compens\u00e9s par l\u2019utilisation d\u2019autres comp\u00e9tences et de solutions \u00e9tudi\u00e9es.<\/p>\n<p>Des difficult\u00e9s peuvent \u00eatre rencontr\u00e9es dans plusieurs domaines:<\/p>\n<p>\u2022 Langage oral: \u00e9couter, parler, comprendre<\/p>\n<p>\u2022 Lecture: d\u00e9codage, connaissance phon\u00e9tique, reconnaissance des mots, compr\u00e9hension<\/p>\n<p>\u2022 Langage \u00e9crit: orthographe, expression \u00e9crite<\/p>\n<p>\u2022 Math\u00e9matiques: calcul, r\u00e9solution de probl\u00e8mes<\/p>\n<p>&nbsp;<\/p>\n<p>Les troubles d&rsquo;apprentissage peuvent \u00e9galement impliquer des difficult\u00e9s avec les comp\u00e9tences organisationnelles, la perception sociale, l&rsquo;interaction sociale et la mise en perspective.<\/p>\n<p>&nbsp;<\/p>\n<p><b>Concilier troubles d&rsquo;apprentissage et fonction mentale<\/b><\/p>\n<p>Les enfants ayant des troubles d&rsquo;apprentissage ont besoin de rappels constants pour prendre une douche ou s&rsquo;habiller (AFI\u00a0: apprentissage fonctionnel de l\u2019ind\u00e9pendance). Les instructions doivent \u00eatre morcel\u00e9es en petites \u00e9tapes. Ils ont du mal \u00e0 se souvenir de ce qu&rsquo;il faut faire dans des situations sociales ou impliquant leur s\u00e9curit\u00e9 (m\u00e9morisation). Tout parent, membre de la famille ou \u00e9ducateur sait qu\u2019un trouble d&rsquo;apprentissage accompagne l\u2019enfant tout au long de sa journ\u00e9e, dans chaque t\u00e2che. Les imp\u00e9ratifs \u00e9tant de plus en plus nombreux avec l\u2019\u00e2ge, ces d\u00e9ficiences g\u00eanent la croissance et \u00a0la saisie d\u2019opportunit\u00e9s pour les enfants concern\u00e9s.<\/p>\n<p>&nbsp;<\/p>\n<p>Votre enfant pr\u00e9sentant un trouble d\u2019apprentissage r\u00e9pond-il donc aux crit\u00e8res pour le cr\u00e9dit d&rsquo;imp\u00f4t pour personnes handicap\u00e9es? \u00c7a d\u00e9pend. Beaucoup d&rsquo;enfants ayant des troubles d&rsquo;apprentissage en remplissent les conditions.<\/p>\n<p>Compl\u00e9ter de mani\u00e8re appropri\u00e9e une demande pour trouble d&rsquo;apprentissage est assez complexe. Les experts de DFAC ont travaill\u00e9 dans le domaine de l&rsquo;\u00e9ducation sp\u00e9cialis\u00e9e pendant plus de vingt ans, et\u00a0 ils mettent \u00e0 pr\u00e9sent en pratique \u00a0cette expertise pour vous aider \u00e0 acc\u00e9der \u00e0 vos prestations.<\/p>\n<p>&nbsp;<\/p>\n<p>N\u2019h\u00e9sitez pas \u00e0 nous contacter. Nous nous ferons un plaisir de vous aider.<\/p>\n<p>Contactez-nous d\u00e8s aujourd&rsquo;hui au 1-855-382-DFAC (3322) ou remplissez notre formulaire <a href=\"https:\/\/dfac.ca\/fr\/eval-2\/\">en ligne<\/a>.<\/p>\n","protected":false},"excerpt":{"rendered":"<p>\u00ab\u00a0Mon enfant a un trouble d&rsquo;apprentissage. Sera-t-il en mesure de b\u00e9n\u00e9ficier du cr\u00e9dit d&rsquo;imp\u00f4t pour personnes handicap\u00e9es? \u00a0\u00bb Ceci est l&rsquo;une des questions les plus courantes que je re\u00e7ois, et souvent, la r\u00e9ponse est oui! Tout d&rsquo;abord, jetons un coup d\u2019\u0153il sur les crit\u00e8res fix\u00e9s par l&rsquo;Agence du revenu du Canada, puis voyons comment un [&hellip;]<\/p>\n","protected":false},"author":2,"featured_media":124,"comment_status":"closed","ping_status":"closed","sticky":false,"template":"","format":"standard","meta":{"_genesis_hide_title":false,"_genesis_hide_breadcrumbs":false,"_genesis_hide_singular_image":false,"_genesis_hide_footer_widgets":false,"_genesis_custom_body_class":"","_genesis_custom_post_class":"","_genesis_layout":"","footnotes":""},"categories":[6],"tags":[],"class_list":{"0":"post-336","1":"post","2":"type-post","3":"status-publish","4":"format-standard","5":"has-post-thumbnail","7":"category-non-classifiee","8":"entry"},"yoast_head":"<!-- This site is optimized with the Yoast SEO plugin v22.9 - https:\/\/yoast.com\/wordpress\/plugins\/seo\/ -->\n<title>Trouble d&#039;apprentissage et cr\u00e9dit d&#039;imp\u00f4t pour personnes handicap\u00e9es  - dfac.ca<\/title>\n<meta name=\"description\" content=\"&quot;Mon enfant a un trouble d&#039;apprentissage. Sera-t-il en mesure de b\u00e9n\u00e9ficier du cr\u00e9dit d&#039;imp\u00f4t pour personnes handicap\u00e9es? &quot;\" \/>\n<meta name=\"robots\" content=\"index, follow, max-snippet:-1, max-image-preview:large, max-video-preview:-1\" \/>\n<link rel=\"canonical\" href=\"https:\/\/dfac.ca\/fr\/trouble-dapprentissage-et-credit-dimpot-pour-personnes-handicapees\/\" \/>\n<meta property=\"og:locale\" content=\"fr_FR\" \/>\n<meta property=\"og:type\" content=\"article\" \/>\n<meta property=\"og:title\" content=\"Trouble d&#039;apprentissage et cr\u00e9dit d&#039;imp\u00f4t pour personnes handicap\u00e9es  - dfac.ca\" \/>\n<meta property=\"og:description\" content=\"&quot;Mon enfant a un trouble d&#039;apprentissage. Sera-t-il en mesure de b\u00e9n\u00e9ficier du cr\u00e9dit d&#039;imp\u00f4t pour personnes handicap\u00e9es? &quot;\" \/>\n<meta property=\"og:url\" content=\"https:\/\/dfac.ca\/fr\/trouble-dapprentissage-et-credit-dimpot-pour-personnes-handicapees\/\" \/>\n<meta property=\"og:site_name\" content=\"dfac.ca\" \/>\n<meta property=\"article:published_time\" content=\"2015-08-11T16:22:36+00:00\" \/>\n<meta property=\"og:image\" content=\"https:\/\/dfac.ca\/wp-content\/uploads\/2013\/10\/slide_1.png\" \/>\n\t<meta property=\"og:image:width\" content=\"1920\" \/>\n\t<meta property=\"og:image:height\" content=\"639\" \/>\n\t<meta property=\"og:image:type\" content=\"image\/png\" \/>\n<meta name=\"author\" content=\"dfac\" \/>\n<meta name=\"twitter:card\" content=\"summary_large_image\" \/>\n<meta name=\"twitter:label1\" content=\"\u00c9crit par\" \/>\n\t<meta name=\"twitter:data1\" content=\"dfac\" \/>\n\t<meta name=\"twitter:label2\" content=\"Dur\u00e9e de lecture estim\u00e9e\" \/>\n\t<meta name=\"twitter:data2\" content=\"3 minutes\" \/>\n<script type=\"application\/ld+json\" class=\"yoast-schema-graph\">{\"@context\":\"https:\/\/schema.org\",\"@graph\":[{\"@type\":\"Article\",\"@id\":\"https:\/\/dfac.ca\/fr\/trouble-dapprentissage-et-credit-dimpot-pour-personnes-handicapees\/#article\",\"isPartOf\":{\"@id\":\"https:\/\/dfac.ca\/fr\/trouble-dapprentissage-et-credit-dimpot-pour-personnes-handicapees\/\"},\"author\":{\"name\":\"dfac\",\"@id\":\"https:\/\/dfac.ca\/#\/schema\/person\/7614cac5eac8cebc9bafe2bdb52def9e\"},\"headline\":\"Trouble d&rsquo;apprentissage et cr\u00e9dit d&rsquo;imp\u00f4t pour personnes handicap\u00e9es\",\"datePublished\":\"2015-08-11T16:22:36+00:00\",\"dateModified\":\"2015-08-11T16:22:36+00:00\",\"mainEntityOfPage\":{\"@id\":\"https:\/\/dfac.ca\/fr\/trouble-dapprentissage-et-credit-dimpot-pour-personnes-handicapees\/\"},\"wordCount\":639,\"publisher\":{\"@id\":\"https:\/\/dfac.ca\/#organization\"},\"image\":{\"@id\":\"https:\/\/dfac.ca\/fr\/trouble-dapprentissage-et-credit-dimpot-pour-personnes-handicapees\/#primaryimage\"},\"thumbnailUrl\":\"https:\/\/dfac.ca\/wp-content\/uploads\/2013\/10\/slide_1.png\",\"articleSection\":[\"Non classifi\u00e9(e)\"],\"inLanguage\":\"fr-FR\"},{\"@type\":\"WebPage\",\"@id\":\"https:\/\/dfac.ca\/fr\/trouble-dapprentissage-et-credit-dimpot-pour-personnes-handicapees\/\",\"url\":\"https:\/\/dfac.ca\/fr\/trouble-dapprentissage-et-credit-dimpot-pour-personnes-handicapees\/\",\"name\":\"Trouble d'apprentissage et cr\u00e9dit d'imp\u00f4t pour personnes handicap\u00e9es - dfac.ca\",\"isPartOf\":{\"@id\":\"https:\/\/dfac.ca\/#website\"},\"primaryImageOfPage\":{\"@id\":\"https:\/\/dfac.ca\/fr\/trouble-dapprentissage-et-credit-dimpot-pour-personnes-handicapees\/#primaryimage\"},\"image\":{\"@id\":\"https:\/\/dfac.ca\/fr\/trouble-dapprentissage-et-credit-dimpot-pour-personnes-handicapees\/#primaryimage\"},\"thumbnailUrl\":\"https:\/\/dfac.ca\/wp-content\/uploads\/2013\/10\/slide_1.png\",\"datePublished\":\"2015-08-11T16:22:36+00:00\",\"dateModified\":\"2015-08-11T16:22:36+00:00\",\"description\":\"\\\"Mon enfant a un trouble d'apprentissage. Sera-t-il en mesure de b\u00e9n\u00e9ficier du cr\u00e9dit d'imp\u00f4t pour personnes handicap\u00e9es? \\\"\",\"breadcrumb\":{\"@id\":\"https:\/\/dfac.ca\/fr\/trouble-dapprentissage-et-credit-dimpot-pour-personnes-handicapees\/#breadcrumb\"},\"inLanguage\":\"fr-FR\",\"potentialAction\":[{\"@type\":\"ReadAction\",\"target\":[\"https:\/\/dfac.ca\/fr\/trouble-dapprentissage-et-credit-dimpot-pour-personnes-handicapees\/\"]}]},{\"@type\":\"ImageObject\",\"inLanguage\":\"fr-FR\",\"@id\":\"https:\/\/dfac.ca\/fr\/trouble-dapprentissage-et-credit-dimpot-pour-personnes-handicapees\/#primaryimage\",\"url\":\"https:\/\/dfac.ca\/wp-content\/uploads\/2013\/10\/slide_1.png\",\"contentUrl\":\"https:\/\/dfac.ca\/wp-content\/uploads\/2013\/10\/slide_1.png\",\"width\":1920,\"height\":639,\"caption\":\"trouble d'apprentissage\"},{\"@type\":\"BreadcrumbList\",\"@id\":\"https:\/\/dfac.ca\/fr\/trouble-dapprentissage-et-credit-dimpot-pour-personnes-handicapees\/#breadcrumb\",\"itemListElement\":[{\"@type\":\"ListItem\",\"position\":1,\"name\":\"Home\",\"item\":\"https:\/\/dfac.ca\/fr\/\"},{\"@type\":\"ListItem\",\"position\":2,\"name\":\"Trouble d&rsquo;apprentissage et cr\u00e9dit d&rsquo;imp\u00f4t pour personnes handicap\u00e9es\"}]},{\"@type\":\"WebSite\",\"@id\":\"https:\/\/dfac.ca\/#website\",\"url\":\"https:\/\/dfac.ca\/\",\"name\":\"dfac.ca\",\"description\":\"Disability Financial Assitance Corporation\",\"publisher\":{\"@id\":\"https:\/\/dfac.ca\/#organization\"},\"potentialAction\":[{\"@type\":\"SearchAction\",\"target\":{\"@type\":\"EntryPoint\",\"urlTemplate\":\"https:\/\/dfac.ca\/?s={search_term_string}\"},\"query-input\":\"required name=search_term_string\"}],\"inLanguage\":\"fr-FR\"},{\"@type\":\"Organization\",\"@id\":\"https:\/\/dfac.ca\/#organization\",\"name\":\"dfac.ca\",\"url\":\"https:\/\/dfac.ca\/\",\"logo\":{\"@type\":\"ImageObject\",\"inLanguage\":\"fr-FR\",\"@id\":\"https:\/\/dfac.ca\/#\/schema\/logo\/image\/\",\"url\":\"https:\/\/dfac.ca\/wp-content\/uploads\/2020\/04\/dfac-logo-footer-300x116.png\",\"contentUrl\":\"https:\/\/dfac.ca\/wp-content\/uploads\/2020\/04\/dfac-logo-footer-300x116.png\",\"width\":300,\"height\":116,\"caption\":\"dfac.ca\"},\"image\":{\"@id\":\"https:\/\/dfac.ca\/#\/schema\/logo\/image\/\"}},{\"@type\":\"Person\",\"@id\":\"https:\/\/dfac.ca\/#\/schema\/person\/7614cac5eac8cebc9bafe2bdb52def9e\",\"name\":\"dfac\",\"image\":{\"@type\":\"ImageObject\",\"inLanguage\":\"fr-FR\",\"@id\":\"https:\/\/dfac.ca\/#\/schema\/person\/image\/\",\"url\":\"https:\/\/secure.gravatar.com\/avatar\/89f80c8ad0480de623b15195183b9fa9b92ce2fca47e3c7a8f0eb5162f6bec0b?s=96&d=mm&r=g\",\"contentUrl\":\"https:\/\/secure.gravatar.com\/avatar\/89f80c8ad0480de623b15195183b9fa9b92ce2fca47e3c7a8f0eb5162f6bec0b?s=96&d=mm&r=g\",\"caption\":\"dfac\"},\"url\":\"https:\/\/dfac.ca\/fr\/author\/dfac\/\"}]}<\/script>\n<!-- \/ Yoast SEO plugin. -->","yoast_head_json":{"title":"Trouble d'apprentissage et cr\u00e9dit d'imp\u00f4t pour personnes handicap\u00e9es  - dfac.ca","description":"\"Mon enfant a un trouble d'apprentissage. Sera-t-il en mesure de b\u00e9n\u00e9ficier du cr\u00e9dit d'imp\u00f4t pour personnes handicap\u00e9es? \"","robots":{"index":"index","follow":"follow","max-snippet":"max-snippet:-1","max-image-preview":"max-image-preview:large","max-video-preview":"max-video-preview:-1"},"canonical":"https:\/\/dfac.ca\/fr\/trouble-dapprentissage-et-credit-dimpot-pour-personnes-handicapees\/","og_locale":"fr_FR","og_type":"article","og_title":"Trouble d'apprentissage et cr\u00e9dit d'imp\u00f4t pour personnes handicap\u00e9es  - dfac.ca","og_description":"\"Mon enfant a un trouble d'apprentissage. Sera-t-il en mesure de b\u00e9n\u00e9ficier du cr\u00e9dit d'imp\u00f4t pour personnes handicap\u00e9es? \"","og_url":"https:\/\/dfac.ca\/fr\/trouble-dapprentissage-et-credit-dimpot-pour-personnes-handicapees\/","og_site_name":"dfac.ca","article_published_time":"2015-08-11T16:22:36+00:00","og_image":[{"width":1920,"height":639,"url":"https:\/\/dfac.ca\/wp-content\/uploads\/2013\/10\/slide_1.png","type":"image\/png"}],"author":"dfac","twitter_card":"summary_large_image","twitter_misc":{"\u00c9crit par":"dfac","Dur\u00e9e de lecture estim\u00e9e":"3 minutes"},"schema":{"@context":"https:\/\/schema.org","@graph":[{"@type":"Article","@id":"https:\/\/dfac.ca\/fr\/trouble-dapprentissage-et-credit-dimpot-pour-personnes-handicapees\/#article","isPartOf":{"@id":"https:\/\/dfac.ca\/fr\/trouble-dapprentissage-et-credit-dimpot-pour-personnes-handicapees\/"},"author":{"name":"dfac","@id":"https:\/\/dfac.ca\/#\/schema\/person\/7614cac5eac8cebc9bafe2bdb52def9e"},"headline":"Trouble d&rsquo;apprentissage et cr\u00e9dit d&rsquo;imp\u00f4t pour personnes handicap\u00e9es","datePublished":"2015-08-11T16:22:36+00:00","dateModified":"2015-08-11T16:22:36+00:00","mainEntityOfPage":{"@id":"https:\/\/dfac.ca\/fr\/trouble-dapprentissage-et-credit-dimpot-pour-personnes-handicapees\/"},"wordCount":639,"publisher":{"@id":"https:\/\/dfac.ca\/#organization"},"image":{"@id":"https:\/\/dfac.ca\/fr\/trouble-dapprentissage-et-credit-dimpot-pour-personnes-handicapees\/#primaryimage"},"thumbnailUrl":"https:\/\/dfac.ca\/wp-content\/uploads\/2013\/10\/slide_1.png","articleSection":["Non classifi\u00e9(e)"],"inLanguage":"fr-FR"},{"@type":"WebPage","@id":"https:\/\/dfac.ca\/fr\/trouble-dapprentissage-et-credit-dimpot-pour-personnes-handicapees\/","url":"https:\/\/dfac.ca\/fr\/trouble-dapprentissage-et-credit-dimpot-pour-personnes-handicapees\/","name":"Trouble d'apprentissage et cr\u00e9dit d'imp\u00f4t pour personnes handicap\u00e9es - dfac.ca","isPartOf":{"@id":"https:\/\/dfac.ca\/#website"},"primaryImageOfPage":{"@id":"https:\/\/dfac.ca\/fr\/trouble-dapprentissage-et-credit-dimpot-pour-personnes-handicapees\/#primaryimage"},"image":{"@id":"https:\/\/dfac.ca\/fr\/trouble-dapprentissage-et-credit-dimpot-pour-personnes-handicapees\/#primaryimage"},"thumbnailUrl":"https:\/\/dfac.ca\/wp-content\/uploads\/2013\/10\/slide_1.png","datePublished":"2015-08-11T16:22:36+00:00","dateModified":"2015-08-11T16:22:36+00:00","description":"\"Mon enfant a un trouble d'apprentissage. Sera-t-il en mesure de b\u00e9n\u00e9ficier du cr\u00e9dit d'imp\u00f4t pour personnes handicap\u00e9es? \"","breadcrumb":{"@id":"https:\/\/dfac.ca\/fr\/trouble-dapprentissage-et-credit-dimpot-pour-personnes-handicapees\/#breadcrumb"},"inLanguage":"fr-FR","potentialAction":[{"@type":"ReadAction","target":["https:\/\/dfac.ca\/fr\/trouble-dapprentissage-et-credit-dimpot-pour-personnes-handicapees\/"]}]},{"@type":"ImageObject","inLanguage":"fr-FR","@id":"https:\/\/dfac.ca\/fr\/trouble-dapprentissage-et-credit-dimpot-pour-personnes-handicapees\/#primaryimage","url":"https:\/\/dfac.ca\/wp-content\/uploads\/2013\/10\/slide_1.png","contentUrl":"https:\/\/dfac.ca\/wp-content\/uploads\/2013\/10\/slide_1.png","width":1920,"height":639,"caption":"trouble d'apprentissage"},{"@type":"BreadcrumbList","@id":"https:\/\/dfac.ca\/fr\/trouble-dapprentissage-et-credit-dimpot-pour-personnes-handicapees\/#breadcrumb","itemListElement":[{"@type":"ListItem","position":1,"name":"Home","item":"https:\/\/dfac.ca\/fr\/"},{"@type":"ListItem","position":2,"name":"Trouble d&rsquo;apprentissage et cr\u00e9dit d&rsquo;imp\u00f4t pour personnes handicap\u00e9es"}]},{"@type":"WebSite","@id":"https:\/\/dfac.ca\/#website","url":"https:\/\/dfac.ca\/","name":"dfac.ca","description":"Disability Financial Assitance Corporation","publisher":{"@id":"https:\/\/dfac.ca\/#organization"},"potentialAction":[{"@type":"SearchAction","target":{"@type":"EntryPoint","urlTemplate":"https:\/\/dfac.ca\/?s={search_term_string}"},"query-input":"required name=search_term_string"}],"inLanguage":"fr-FR"},{"@type":"Organization","@id":"https:\/\/dfac.ca\/#organization","name":"dfac.ca","url":"https:\/\/dfac.ca\/","logo":{"@type":"ImageObject","inLanguage":"fr-FR","@id":"https:\/\/dfac.ca\/#\/schema\/logo\/image\/","url":"https:\/\/dfac.ca\/wp-content\/uploads\/2020\/04\/dfac-logo-footer-300x116.png","contentUrl":"https:\/\/dfac.ca\/wp-content\/uploads\/2020\/04\/dfac-logo-footer-300x116.png","width":300,"height":116,"caption":"dfac.ca"},"image":{"@id":"https:\/\/dfac.ca\/#\/schema\/logo\/image\/"}},{"@type":"Person","@id":"https:\/\/dfac.ca\/#\/schema\/person\/7614cac5eac8cebc9bafe2bdb52def9e","name":"dfac","image":{"@type":"ImageObject","inLanguage":"fr-FR","@id":"https:\/\/dfac.ca\/#\/schema\/person\/image\/","url":"https:\/\/secure.gravatar.com\/avatar\/89f80c8ad0480de623b15195183b9fa9b92ce2fca47e3c7a8f0eb5162f6bec0b?s=96&d=mm&r=g","contentUrl":"https:\/\/secure.gravatar.com\/avatar\/89f80c8ad0480de623b15195183b9fa9b92ce2fca47e3c7a8f0eb5162f6bec0b?s=96&d=mm&r=g","caption":"dfac"},"url":"https:\/\/dfac.ca\/fr\/author\/dfac\/"}]}},"_links":{"self":[{"href":"https:\/\/dfac.ca\/fr\/wp-json\/wp\/v2\/posts\/336","targetHints":{"allow":["GET"]}}],"collection":[{"href":"https:\/\/dfac.ca\/fr\/wp-json\/wp\/v2\/posts"}],"about":[{"href":"https:\/\/dfac.ca\/fr\/wp-json\/wp\/v2\/types\/post"}],"author":[{"embeddable":true,"href":"https:\/\/dfac.ca\/fr\/wp-json\/wp\/v2\/users\/2"}],"replies":[{"embeddable":true,"href":"https:\/\/dfac.ca\/fr\/wp-json\/wp\/v2\/comments?post=336"}],"version-history":[{"count":0,"href":"https:\/\/dfac.ca\/fr\/wp-json\/wp\/v2\/posts\/336\/revisions"}],"wp:featuredmedia":[{"embeddable":true,"href":"https:\/\/dfac.ca\/fr\/wp-json\/wp\/v2\/media\/124"}],"wp:attachment":[{"href":"https:\/\/dfac.ca\/fr\/wp-json\/wp\/v2\/media?parent=336"}],"wp:term":[{"taxonomy":"category","embeddable":true,"href":"https:\/\/dfac.ca\/fr\/wp-json\/wp\/v2\/categories?post=336"},{"taxonomy":"post_tag","embeddable":true,"href":"https:\/\/dfac.ca\/fr\/wp-json\/wp\/v2\/tags?post=336"}],"curies":[{"name":"wp","href":"https:\/\/api.w.org\/{rel}","templated":true}]}}